{"id":2572,"date":"2024-12-17T07:37:54","date_gmt":"2024-12-17T07:37:54","guid":{"rendered":"https:\/\/www.hop-m.org\/?p=2572"},"modified":"2024-12-17T07:44:33","modified_gmt":"2024-12-17T07:44:33","slug":"rainer-harter-nella-hop-meran-o","status":"publish","type":"post","link":"https:\/\/www.hop-m.org\/it\/rainer-harter-nella-hop-meran-o\/","title":{"rendered":"Rainer Harter nella HOP Meran-o"},"content":{"rendered":"<p>Il fine settimana del 12 ottobre, Rainer Harter, fondatore e direttore della Casa di preghiera di Friburgo, e sua moglie Johanna sono stati con noi alla HOP. Il venerd\u00ec pomeriggio, il team leader ha avuto la possibilit\u00e0 di sentire la loro storia e come Dio ha lavorato con loro.<\/p>\n<p>Venerd\u00ec sera, Rainer ha parlato in una riunione di \u201cAll &#8216;Staff\u201d (tutti i collaboratori) dell&#8217;importanza di cambiare le citt\u00e0 con la preghiera. Abbiamo poi pregato per la nostra citt\u00e0 di Merano.<\/p>\n<p>&nbsp;<\/p>\n<p>Sabato mattina il team di leadership si \u00e8 riunito con Johanna e Rainer per continuare a parlare di argomenti molto interessanti, mentre nel pomeriggio vari leader della hop si sono uniti a noi per un input sulla visione e sulla \u201cleadership sacra\u201d.<\/p>\n<p>&nbsp;<\/p>\n<p>Il momento pi\u00f9 importante del fine settimana \u00e8 stato la conferenza di sabato sera sul tema \u201cIntimit\u00e0 con Dio\u201d. La prima parte della serata si \u00e8 svolta nella sala di preghiera, dove abbiamo incontrato Dio in adorazione insieme a circa 60 ospiti. Poi siamo andati alla caffetteria, dove Rainer ci ha mostrato l&#8217;importanza di un rapporto intimo con Dio.<\/p>\n<p>&nbsp;<\/p>\n<p>Il tempo trascorso con Rainer e Johanna \u00e8 stato una grande benedizione per tutto la HOP e non solo.<\/p>\n\n<style type=\"text\/css\" data-created_by=\"avia_inline_auto\" id=\"style-css-av-55qfun-d295afaf5821144dc16eb4db256f693c\">\n.avia-image-container.av-55qfun-d295afaf5821144dc16eb4db256f693c img.avia_image{\nbox-shadow:none;\n}\n.avia-image-container.av-55qfun-d295afaf5821144dc16eb4db256f693c .av-image-caption-overlay-center{\ncolor:#ffffff;\n}\n<\/style>\n<div  class='avia-image-container av-55qfun-d295afaf5821144dc16eb4db256f693c av-styling- avia-align-center  avia-builder-el-0  el_before_av_image  avia-builder-el-first '   itemprop=\"image\" itemscope=\"itemscope\" itemtype=\"https:\/\/schema.org\/ImageObject\" ><div class=\"avia-image-container-inner\"><div class=\"avia-image-overlay-wrap\"><img decoding=\"async\" fetchpriority=\"high\" class='wp-image-2568 avia-img-lazy-loading-not-2568 avia_image ' src=\"https:\/\/www.hop-m.org\/wp-content\/uploads\/2024\/12\/674d8711adaddb79b4fbdcdf.jpg\" alt='' title='674d8711adaddb79b4fbdcdf'  height=\"800\" width=\"600\"  itemprop=\"thumbnailUrl\" srcset=\"https:\/\/www.hop-m.org\/wp-content\/uploads\/2024\/12\/674d8711adaddb79b4fbdcdf.jpg 600w, https:\/\/www.hop-m.org\/wp-content\/uploads\/2024\/12\/674d8711adaddb79b4fbdcdf-225x300.jpg 225w, https:\/\/www.hop-m.org\/wp-content\/uploads\/2024\/12\/674d8711adaddb79b4fbdcdf-529x705.jpg 529w\" sizes=\"(max-width: 600px) 100vw, 600px\" \/><\/div><\/div><\/div>\n<p>&nbsp;<\/p>\n\n<style type=\"text\/css\" data-created_by=\"avia_inline_auto\" id=\"style-css-av-3s8w1r-7a83dcb3acce7051283c5b8e2fc3a97f\">\n.avia-image-container.av-3s8w1r-7a83dcb3acce7051283c5b8e2fc3a97f img.avia_image{\nbox-shadow:none;\n}\n.avia-image-container.av-3s8w1r-7a83dcb3acce7051283c5b8e2fc3a97f .av-image-caption-overlay-center{\ncolor:#ffffff;\n}\n<\/style>\n<div  class='avia-image-container av-3s8w1r-7a83dcb3acce7051283c5b8e2fc3a97f av-styling- avia-align-center  avia-builder-el-1  el_after_av_image  el_before_av_image '   itemprop=\"image\" itemscope=\"itemscope\" itemtype=\"https:\/\/schema.org\/ImageObject\" ><div class=\"avia-image-container-inner\"><div class=\"avia-image-overlay-wrap\"><img decoding=\"async\" fetchpriority=\"high\" class='wp-image-2565 avia-img-lazy-loading-not-2565 avia_image ' src=\"https:\/\/www.hop-m.org\/wp-content\/uploads\/2024\/12\/674d8712bfc3dc71a1ff7f1e.jpg\" alt='' title='674d8712bfc3dc71a1ff7f1e'  height=\"773\" width=\"1030\"  itemprop=\"thumbnailUrl\" srcset=\"https:\/\/www.hop-m.org\/wp-content\/uploads\/2024\/12\/674d8712bfc3dc71a1ff7f1e.jpg 1030w, https:\/\/www.hop-m.org\/wp-content\/uploads\/2024\/12\/674d8712bfc3dc71a1ff7f1e-300x225.jpg 300w, https:\/\/www.hop-m.org\/wp-content\/uploads\/2024\/12\/674d8712bfc3dc71a1ff7f1e-768x576.jpg 768w, https:\/\/www.hop-m.org\/wp-content\/uploads\/2024\/12\/674d8712bfc3dc71a1ff7f1e-705x529.jpg 705w\" sizes=\"(max-width: 1030px) 100vw, 1030px\" \/><\/div><\/div><\/div>\n<p>&nbsp;<\/p>\n\n<style type=\"text\/css\" data-created_by=\"avia_inline_auto\" id=\"style-css-av-37kxn3-b8c64679a91ddb5852553ed866d10998\">\n.avia-image-container.av-37kxn3-b8c64679a91ddb5852553ed866d10998 img.avia_image{\nbox-shadow:none;\n}\n.avia-image-container.av-37kxn3-b8c64679a91ddb5852553ed866d10998 .av-image-caption-overlay-center{\ncolor:#ffffff;\n}\n<\/style>\n<div  class='avia-image-container av-37kxn3-b8c64679a91ddb5852553ed866d10998 av-styling- avia-align-center  avia-builder-el-2  el_after_av_image  avia-builder-el-last '   itemprop=\"image\" itemscope=\"itemscope\" itemtype=\"https:\/\/schema.org\/ImageObject\" ><div class=\"avia-image-container-inner\"><div class=\"avia-image-overlay-wrap\"><img decoding=\"async\" fetchpriority=\"high\" class='wp-image-2562 avia-img-lazy-loading-not-2562 avia_image ' src=\"https:\/\/www.hop-m.org\/wp-content\/uploads\/2024\/12\/674d8713bfc3dc71a1ff7f21.jpg\" alt='' title='674d8713bfc3dc71a1ff7f21'  height=\"773\" width=\"1030\"  itemprop=\"thumbnailUrl\" srcset=\"https:\/\/www.hop-m.org\/wp-content\/uploads\/2024\/12\/674d8713bfc3dc71a1ff7f21.jpg 1030w, https:\/\/www.hop-m.org\/wp-content\/uploads\/2024\/12\/674d8713bfc3dc71a1ff7f21-300x225.jpg 300w, https:\/\/www.hop-m.org\/wp-content\/uploads\/2024\/12\/674d8713bfc3dc71a1ff7f21-768x576.jpg 768w, https:\/\/www.hop-m.org\/wp-content\/uploads\/2024\/12\/674d8713bfc3dc71a1ff7f21-705x529.jpg 705w\" sizes=\"(max-width: 1030px) 100vw, 1030px\" \/><\/div><\/div><\/div>\n","protected":false},"excerpt":{"rendered":"<p>Il fine settimana del 12 ottobre, Rainer Harter, fondatore e direttore della Casa di preghiera di Friburgo, e sua moglie Johanna sono stati con noi alla HOP. Il venerd\u00ec pomeriggio, il team leader ha avuto la possibilit\u00e0 di sentire la loro storia e come Dio ha lavorato con loro. Venerd\u00ec sera, Rainer ha parlato in [&hellip;]<\/p>\n","protected":false},"author":2,"featured_media":2565,"comment_status":"closed","ping_status":"open","sticky":false,"template":"","format":"standard","meta":{"footnotes":""},"categories":[2],"tags":[],"class_list":["post-2572","post","type-post","status-publish","format-standard","has-post-thumbnail","hentry","category-non-categorizzato"],"yoast_head":"<!-- This site is optimized with the Yoast SEO plugin v28.4 - https:\/\/yoast.com\/product\/yoast-seo-wordpress\/ -->\n<title>Rainer Harter nella HOP Meran-o - HOP Merano Casa di Preghiera<\/title>\n<meta name=\"robots\" content=\"index, follow, max-snippet:-1, max-image-preview:large, max-video-preview:-1\" \/>\n<link rel=\"canonical\" href=\"https:\/\/www.hop-m.org\/it\/rainer-harter-nella-hop-meran-o\/\" \/>\n<meta property=\"og:locale\" content=\"it_IT\" \/>\n<meta property=\"og:type\" content=\"article\" \/>\n<meta property=\"og:title\" content=\"Rainer Harter nella HOP Meran-o - HOP Merano Casa di Preghiera\" \/>\n<meta property=\"og:description\" content=\"Il fine settimana del 12 ottobre, Rainer Harter, fondatore e direttore della Casa di preghiera di Friburgo, e sua moglie Johanna sono stati con noi alla HOP. Il venerd\u00ec pomeriggio, il team leader ha avuto la possibilit\u00e0 di sentire la loro storia e come Dio ha lavorato con loro. Venerd\u00ec sera, Rainer ha parlato in [&hellip;]\" \/>\n<meta property=\"og:url\" content=\"https:\/\/www.hop-m.org\/it\/rainer-harter-nella-hop-meran-o\/\" \/>\n<meta property=\"og:site_name\" content=\"HOP Merano Casa di Preghiera\" \/>\n<meta property=\"article:published_time\" content=\"2024-12-17T07:37:54+00:00\" \/>\n<meta property=\"article:modified_time\" content=\"2024-12-17T07:44:33+00:00\" \/>\n<meta property=\"og:image\" content=\"https:\/\/www.hop-m.org\/wp-content\/uploads\/2024\/12\/674d8712bfc3dc71a1ff7f1e.jpg\" \/>\n\t<meta property=\"og:image:width\" content=\"1030\" \/>\n\t<meta property=\"og:image:height\" content=\"773\" \/>\n\t<meta property=\"og:image:type\" content=\"image\/jpeg\" \/>\n<meta name=\"author\" content=\"Devid\" \/>\n<meta name=\"twitter:card\" content=\"summary_large_image\" \/>\n<meta name=\"twitter:label1\" content=\"Scritto da\" \/>\n\t<meta name=\"twitter:data1\" content=\"Devid\" \/>\n\t<meta name=\"twitter:label2\" content=\"Tempo di lettura stimato\" \/>\n\t<meta name=\"twitter:data2\" content=\"2 minuti\" \/>\n<script type=\"application\/ld+json\" class=\"yoast-schema-graph\">{\"@context\":\"https:\\\/\\\/schema.org\",\"@graph\":[{\"@type\":\"Article\",\"@id\":\"https:\\\/\\\/www.hop-m.org\\\/it\\\/rainer-harter-nella-hop-meran-o\\\/#article\",\"isPartOf\":{\"@id\":\"https:\\\/\\\/www.hop-m.org\\\/it\\\/rainer-harter-nella-hop-meran-o\\\/\"},\"author\":{\"name\":\"Devid\",\"@id\":\"https:\\\/\\\/www.hop-m.org\\\/it\\\/#\\\/schema\\\/person\\\/995e4a212d17e4910f5b94f5b57e8ff5\"},\"headline\":\"Rainer Harter nella HOP Meran-o\",\"datePublished\":\"2024-12-17T07:37:54+00:00\",\"dateModified\":\"2024-12-17T07:44:33+00:00\",\"mainEntityOfPage\":{\"@id\":\"https:\\\/\\\/www.hop-m.org\\\/it\\\/rainer-harter-nella-hop-meran-o\\\/\"},\"wordCount\":1008,\"publisher\":{\"@id\":\"https:\\\/\\\/www.hop-m.org\\\/it\\\/#organization\"},\"image\":{\"@id\":\"https:\\\/\\\/www.hop-m.org\\\/it\\\/rainer-harter-nella-hop-meran-o\\\/#primaryimage\"},\"thumbnailUrl\":\"https:\\\/\\\/www.hop-m.org\\\/wp-content\\\/uploads\\\/2024\\\/12\\\/674d8712bfc3dc71a1ff7f1e.jpg\",\"articleSection\":[\"Non categorizzato\"],\"inLanguage\":\"it-IT\"},{\"@type\":\"WebPage\",\"@id\":\"https:\\\/\\\/www.hop-m.org\\\/it\\\/rainer-harter-nella-hop-meran-o\\\/\",\"url\":\"https:\\\/\\\/www.hop-m.org\\\/it\\\/rainer-harter-nella-hop-meran-o\\\/\",\"name\":\"Rainer Harter nella HOP Meran-o - HOP Merano Casa di Preghiera\",\"isPartOf\":{\"@id\":\"https:\\\/\\\/www.hop-m.org\\\/it\\\/#website\"},\"primaryImageOfPage\":{\"@id\":\"https:\\\/\\\/www.hop-m.org\\\/it\\\/rainer-harter-nella-hop-meran-o\\\/#primaryimage\"},\"image\":{\"@id\":\"https:\\\/\\\/www.hop-m.org\\\/it\\\/rainer-harter-nella-hop-meran-o\\\/#primaryimage\"},\"thumbnailUrl\":\"https:\\\/\\\/www.hop-m.org\\\/wp-content\\\/uploads\\\/2024\\\/12\\\/674d8712bfc3dc71a1ff7f1e.jpg\",\"datePublished\":\"2024-12-17T07:37:54+00:00\",\"dateModified\":\"2024-12-17T07:44:33+00:00\",\"breadcrumb\":{\"@id\":\"https:\\\/\\\/www.hop-m.org\\\/it\\\/rainer-harter-nella-hop-meran-o\\\/#breadcrumb\"},\"inLanguage\":\"it-IT\",\"potentialAction\":[{\"@type\":\"ReadAction\",\"target\":[\"https:\\\/\\\/www.hop-m.org\\\/it\\\/rainer-harter-nella-hop-meran-o\\\/\"]}]},{\"@type\":\"ImageObject\",\"inLanguage\":\"it-IT\",\"@id\":\"https:\\\/\\\/www.hop-m.org\\\/it\\\/rainer-harter-nella-hop-meran-o\\\/#primaryimage\",\"url\":\"https:\\\/\\\/www.hop-m.org\\\/wp-content\\\/uploads\\\/2024\\\/12\\\/674d8712bfc3dc71a1ff7f1e.jpg\",\"contentUrl\":\"https:\\\/\\\/www.hop-m.org\\\/wp-content\\\/uploads\\\/2024\\\/12\\\/674d8712bfc3dc71a1ff7f1e.jpg\",\"width\":1030,\"height\":773},{\"@type\":\"BreadcrumbList\",\"@id\":\"https:\\\/\\\/www.hop-m.org\\\/it\\\/rainer-harter-nella-hop-meran-o\\\/#breadcrumb\",\"itemListElement\":[{\"@type\":\"ListItem\",\"position\":1,\"name\":\"Startseite\",\"item\":\"https:\\\/\\\/www.hop-m.org\\\/it\\\/hop-merano-casa-di-preghiera\\\/\"},{\"@type\":\"ListItem\",\"position\":2,\"name\":\"Rainer Harter nella HOP Meran-o\"}]},{\"@type\":\"WebSite\",\"@id\":\"https:\\\/\\\/www.hop-m.org\\\/it\\\/#website\",\"url\":\"https:\\\/\\\/www.hop-m.org\\\/it\\\/\",\"name\":\"HOP Merano Casa di Preghiera\",\"description\":\"Casa di Preghiera Merano\",\"publisher\":{\"@id\":\"https:\\\/\\\/www.hop-m.org\\\/it\\\/#organization\"},\"potentialAction\":[{\"@type\":\"SearchAction\",\"target\":{\"@type\":\"EntryPoint\",\"urlTemplate\":\"https:\\\/\\\/www.hop-m.org\\\/it\\\/?s={search_term_string}\"},\"query-input\":{\"@type\":\"PropertyValueSpecification\",\"valueRequired\":true,\"valueName\":\"search_term_string\"}}],\"inLanguage\":\"it-IT\"},{\"@type\":\"Organization\",\"@id\":\"https:\\\/\\\/www.hop-m.org\\\/it\\\/#organization\",\"name\":\"HOP Meran Gebetshaus\",\"url\":\"https:\\\/\\\/www.hop-m.org\\\/it\\\/\",\"logo\":{\"@type\":\"ImageObject\",\"inLanguage\":\"it-IT\",\"@id\":\"https:\\\/\\\/www.hop-m.org\\\/it\\\/#\\\/schema\\\/logo\\\/image\\\/\",\"url\":\"https:\\\/\\\/www.hop-m.org\\\/wp-content\\\/uploads\\\/2019\\\/04\\\/HOP-Merano_Logo-Credits.jpg\",\"contentUrl\":\"https:\\\/\\\/www.hop-m.org\\\/wp-content\\\/uploads\\\/2019\\\/04\\\/HOP-Merano_Logo-Credits.jpg\",\"width\":1030,\"height\":687,\"caption\":\"HOP Meran Gebetshaus\"},\"image\":{\"@id\":\"https:\\\/\\\/www.hop-m.org\\\/it\\\/#\\\/schema\\\/logo\\\/image\\\/\"}},{\"@type\":\"Person\",\"@id\":\"https:\\\/\\\/www.hop-m.org\\\/it\\\/#\\\/schema\\\/person\\\/995e4a212d17e4910f5b94f5b57e8ff5\",\"name\":\"Devid\",\"sameAs\":[\"https:\\\/\\\/www.hop-m.org\"]}]}<\/script>\n<!-- \/ Yoast SEO plugin. -->","yoast_head_json":{"title":"Rainer Harter nella HOP Meran-o - HOP Merano Casa di Preghiera","robots":{"index":"index","follow":"follow","max-snippet":"max-snippet:-1","max-image-preview":"max-image-preview:large","max-video-preview":"max-video-preview:-1"},"canonical":"https:\/\/www.hop-m.org\/it\/rainer-harter-nella-hop-meran-o\/","og_locale":"it_IT","og_type":"article","og_title":"Rainer Harter nella HOP Meran-o - HOP Merano Casa di Preghiera","og_description":"Il fine settimana del 12 ottobre, Rainer Harter, fondatore e direttore della Casa di preghiera di Friburgo, e sua moglie Johanna sono stati con noi alla HOP. Il venerd\u00ec pomeriggio, il team leader ha avuto la possibilit\u00e0 di sentire la loro storia e come Dio ha lavorato con loro. Venerd\u00ec sera, Rainer ha parlato in [&hellip;]","og_url":"https:\/\/www.hop-m.org\/it\/rainer-harter-nella-hop-meran-o\/","og_site_name":"HOP Merano Casa di Preghiera","article_published_time":"2024-12-17T07:37:54+00:00","article_modified_time":"2024-12-17T07:44:33+00:00","og_image":[{"width":1030,"height":773,"url":"https:\/\/www.hop-m.org\/wp-content\/uploads\/2024\/12\/674d8712bfc3dc71a1ff7f1e.jpg","type":"image\/jpeg"}],"author":"Devid","twitter_card":"summary_large_image","twitter_misc":{"Scritto da":"Devid","Tempo di lettura stimato":"2 minuti"},"schema":{"@context":"https:\/\/schema.org","@graph":[{"@type":"Article","@id":"https:\/\/www.hop-m.org\/it\/rainer-harter-nella-hop-meran-o\/#article","isPartOf":{"@id":"https:\/\/www.hop-m.org\/it\/rainer-harter-nella-hop-meran-o\/"},"author":{"name":"Devid","@id":"https:\/\/www.hop-m.org\/it\/#\/schema\/person\/995e4a212d17e4910f5b94f5b57e8ff5"},"headline":"Rainer Harter nella HOP Meran-o","datePublished":"2024-12-17T07:37:54+00:00","dateModified":"2024-12-17T07:44:33+00:00","mainEntityOfPage":{"@id":"https:\/\/www.hop-m.org\/it\/rainer-harter-nella-hop-meran-o\/"},"wordCount":1008,"publisher":{"@id":"https:\/\/www.hop-m.org\/it\/#organization"},"image":{"@id":"https:\/\/www.hop-m.org\/it\/rainer-harter-nella-hop-meran-o\/#primaryimage"},"thumbnailUrl":"https:\/\/www.hop-m.org\/wp-content\/uploads\/2024\/12\/674d8712bfc3dc71a1ff7f1e.jpg","articleSection":["Non categorizzato"],"inLanguage":"it-IT"},{"@type":"WebPage","@id":"https:\/\/www.hop-m.org\/it\/rainer-harter-nella-hop-meran-o\/","url":"https:\/\/www.hop-m.org\/it\/rainer-harter-nella-hop-meran-o\/","name":"Rainer Harter nella HOP Meran-o - HOP Merano Casa di Preghiera","isPartOf":{"@id":"https:\/\/www.hop-m.org\/it\/#website"},"primaryImageOfPage":{"@id":"https:\/\/www.hop-m.org\/it\/rainer-harter-nella-hop-meran-o\/#primaryimage"},"image":{"@id":"https:\/\/www.hop-m.org\/it\/rainer-harter-nella-hop-meran-o\/#primaryimage"},"thumbnailUrl":"https:\/\/www.hop-m.org\/wp-content\/uploads\/2024\/12\/674d8712bfc3dc71a1ff7f1e.jpg","datePublished":"2024-12-17T07:37:54+00:00","dateModified":"2024-12-17T07:44:33+00:00","breadcrumb":{"@id":"https:\/\/www.hop-m.org\/it\/rainer-harter-nella-hop-meran-o\/#breadcrumb"},"inLanguage":"it-IT","potentialAction":[{"@type":"ReadAction","target":["https:\/\/www.hop-m.org\/it\/rainer-harter-nella-hop-meran-o\/"]}]},{"@type":"ImageObject","inLanguage":"it-IT","@id":"https:\/\/www.hop-m.org\/it\/rainer-harter-nella-hop-meran-o\/#primaryimage","url":"https:\/\/www.hop-m.org\/wp-content\/uploads\/2024\/12\/674d8712bfc3dc71a1ff7f1e.jpg","contentUrl":"https:\/\/www.hop-m.org\/wp-content\/uploads\/2024\/12\/674d8712bfc3dc71a1ff7f1e.jpg","width":1030,"height":773},{"@type":"BreadcrumbList","@id":"https:\/\/www.hop-m.org\/it\/rainer-harter-nella-hop-meran-o\/#breadcrumb","itemListElement":[{"@type":"ListItem","position":1,"name":"Startseite","item":"https:\/\/www.hop-m.org\/it\/hop-merano-casa-di-preghiera\/"},{"@type":"ListItem","position":2,"name":"Rainer Harter nella HOP Meran-o"}]},{"@type":"WebSite","@id":"https:\/\/www.hop-m.org\/it\/#website","url":"https:\/\/www.hop-m.org\/it\/","name":"HOP Merano Casa di Preghiera","description":"Casa di Preghiera Merano","publisher":{"@id":"https:\/\/www.hop-m.org\/it\/#organization"},"potentialAction":[{"@type":"SearchAction","target":{"@type":"EntryPoint","urlTemplate":"https:\/\/www.hop-m.org\/it\/?s={search_term_string}"},"query-input":{"@type":"PropertyValueSpecification","valueRequired":true,"valueName":"search_term_string"}}],"inLanguage":"it-IT"},{"@type":"Organization","@id":"https:\/\/www.hop-m.org\/it\/#organization","name":"HOP Meran Gebetshaus","url":"https:\/\/www.hop-m.org\/it\/","logo":{"@type":"ImageObject","inLanguage":"it-IT","@id":"https:\/\/www.hop-m.org\/it\/#\/schema\/logo\/image\/","url":"https:\/\/www.hop-m.org\/wp-content\/uploads\/2019\/04\/HOP-Merano_Logo-Credits.jpg","contentUrl":"https:\/\/www.hop-m.org\/wp-content\/uploads\/2019\/04\/HOP-Merano_Logo-Credits.jpg","width":1030,"height":687,"caption":"HOP Meran Gebetshaus"},"image":{"@id":"https:\/\/www.hop-m.org\/it\/#\/schema\/logo\/image\/"}},{"@type":"Person","@id":"https:\/\/www.hop-m.org\/it\/#\/schema\/person\/995e4a212d17e4910f5b94f5b57e8ff5","name":"Devid","sameAs":["https:\/\/www.hop-m.org"]}]}},"_links":{"self":[{"href":"https:\/\/www.hop-m.org\/it\/wp-json\/wp\/v2\/posts\/2572","targetHints":{"allow":["GET"]}}],"collection":[{"href":"https:\/\/www.hop-m.org\/it\/wp-json\/wp\/v2\/posts"}],"about":[{"href":"https:\/\/www.hop-m.org\/it\/wp-json\/wp\/v2\/types\/post"}],"author":[{"embeddable":true,"href":"https:\/\/www.hop-m.org\/it\/wp-json\/wp\/v2\/users\/2"}],"replies":[{"embeddable":true,"href":"https:\/\/www.hop-m.org\/it\/wp-json\/wp\/v2\/comments?post=2572"}],"version-history":[{"count":0,"href":"https:\/\/www.hop-m.org\/it\/wp-json\/wp\/v2\/posts\/2572\/revisions"}],"wp:featuredmedia":[{"embeddable":true,"href":"https:\/\/www.hop-m.org\/it\/wp-json\/wp\/v2\/media\/2565"}],"wp:attachment":[{"href":"https:\/\/www.hop-m.org\/it\/wp-json\/wp\/v2\/media?parent=2572"}],"wp:term":[{"taxonomy":"category","embeddable":true,"href":"https:\/\/www.hop-m.org\/it\/wp-json\/wp\/v2\/categories?post=2572"},{"taxonomy":"post_tag","embeddable":true,"href":"https:\/\/www.hop-m.org\/it\/wp-json\/wp\/v2\/tags?post=2572"}],"curies":[{"name":"wp","href":"https:\/\/api.w.org\/{rel}","templated":true}]}}