{"id":2334,"date":"2023-11-21T16:02:13","date_gmt":"2023-11-21T16:02:13","guid":{"rendered":"https:\/\/www.hop-m.org\/?p=2334"},"modified":"2023-11-21T16:10:22","modified_gmt":"2023-11-21T16:10:22","slug":"notte-di-preghiera-25-11-2023","status":"publish","type":"post","link":"https:\/\/www.hop-m.org\/it\/notte-di-preghiera-25-11-2023\/","title":{"rendered":"Notte di preghiera 25\/11\/2023"},"content":{"rendered":"<p>La prossima serata di preghiera avr\u00e0 luogo il <strong>25 novembre 2023<\/strong> presso la nostra casa di preghiera HOP Meran-o.<\/p>\n<p>Inizieremo alle ore 20:00 con una &#8220;sessione di adorazione con la parola&#8221; con il Salmo 27:4, dopodich\u00e9 pregheremo a turno e senza interruzione fino alle 08:00 del mattino, adorando Dio e incontrandolo, intercedendo per vari motivi e semplicemente soffermandoci alla presenza di Dio.<\/p>\n<p>&nbsp;<\/p>\n<blockquote><p>Una cosa ho chiesto al Signore, e quella ricerco: abitare nella casa del Signore tutti i giorni della mia vita, per contemplare la bellezza del Signore e meditare nel suo tempio. Salmo 27,4<\/p><\/blockquote>\n<p>&nbsp;<\/p>\n<div>Potrai venire a partecipare in qualsiasi momento (dopo mezzanotte chiama il seguente numero di cellulare, poich\u00e9 la porta d&#8217;ingresso \u00e8 chiusa di notte e verr\u00e0 aperta per te &#8211; 327 5303523).<\/div>\n<div><\/div>\n<div><\/div>\n<div>Immergiti nelle preghiere diurne e notturne della Casa di preghiera.<\/div>\n<div><\/div>\n<div><\/div>\n<div><\/div>\n<div>Non mancare<\/div>\n<div><\/div>\n<div><\/div>\n<div><\/div>\n<div>\n\n<style type=\"text\/css\" data-created_by=\"avia_inline_auto\" id=\"style-css-av-b954g-78c5c56e86fce55384c72c2ebbb26dd1\">\n.avia-image-container.av-b954g-78c5c56e86fce55384c72c2ebbb26dd1 img.avia_image{\nbox-shadow:none;\n}\n.avia-image-container.av-b954g-78c5c56e86fce55384c72c2ebbb26dd1 .av-image-caption-overlay-center{\ncolor:#ffffff;\n}\n<\/style>\n<div  class='avia-image-container av-b954g-78c5c56e86fce55384c72c2ebbb26dd1 av-styling- avia-align-center  avia-builder-el-0  avia-builder-el-no-sibling '   itemprop=\"image\" itemscope=\"itemscope\" itemtype=\"https:\/\/schema.org\/ImageObject\" ><div class=\"avia-image-container-inner\"><div class=\"avia-image-overlay-wrap\"><img decoding=\"async\" fetchpriority=\"high\" class='wp-image-2326 avia-img-lazy-loading-not-2326 avia_image ' src=\"https:\/\/www.hop-m.org\/wp-content\/uploads\/2023\/11\/Gebetsnacht-Notte-di-preghiera-3.png\" alt='' title='Gebetsnacht Notte di preghiera (3)'  height=\"800\" width=\"566\"  itemprop=\"thumbnailUrl\" srcset=\"https:\/\/www.hop-m.org\/wp-content\/uploads\/2023\/11\/Gebetsnacht-Notte-di-preghiera-3.png 566w, https:\/\/www.hop-m.org\/wp-content\/uploads\/2023\/11\/Gebetsnacht-Notte-di-preghiera-3-212x300.png 212w, https:\/\/www.hop-m.org\/wp-content\/uploads\/2023\/11\/Gebetsnacht-Notte-di-preghiera-3-499x705.png 499w\" sizes=\"(max-width: 566px) 100vw, 566px\" \/><\/div><\/div><\/div>\n<\/div>\n","protected":false},"excerpt":{"rendered":"<p>La prossima serata di preghiera avr\u00e0 luogo il 25 novembre 2023 presso la nostra casa di preghiera HOP Meran-o. Inizieremo alle ore 20:00 con una &#8220;sessione di adorazione con la parola&#8221; con il Salmo 27:4, dopodich\u00e9 pregheremo a turno e senza interruzione fino alle 08:00 del mattino, adorando Dio e incontrandolo, intercedendo per vari motivi [&hellip;]<\/p>\n","protected":false},"author":2,"featured_media":2329,"comment_status":"closed","ping_status":"closed","sticky":false,"template":"","format":"standard","meta":{"footnotes":""},"categories":[2],"tags":[],"class_list":["post-2334","post","type-post","status-publish","format-standard","has-post-thumbnail","hentry","category-non-categorizzato"],"yoast_head":"<!-- This site is optimized with the Yoast SEO plugin v28.4 - https:\/\/yoast.com\/product\/yoast-seo-wordpress\/ -->\n<title>Notte di preghiera 25\/11\/2023 - HOP Merano Casa di Preghiera<\/title>\n<meta name=\"robots\" content=\"index, follow, max-snippet:-1, max-image-preview:large, max-video-preview:-1\" \/>\n<link rel=\"canonical\" href=\"https:\/\/www.hop-m.org\/it\/notte-di-preghiera-25-11-2023\/\" \/>\n<meta property=\"og:locale\" content=\"it_IT\" \/>\n<meta property=\"og:type\" content=\"article\" \/>\n<meta property=\"og:title\" content=\"Notte di preghiera 25\/11\/2023 - HOP Merano Casa di Preghiera\" \/>\n<meta property=\"og:description\" content=\"La prossima serata di preghiera avr\u00e0 luogo il 25 novembre 2023 presso la nostra casa di preghiera HOP Meran-o. Inizieremo alle ore 20:00 con una &#8220;sessione di adorazione con la parola&#8221; con il Salmo 27:4, dopodich\u00e9 pregheremo a turno e senza interruzione fino alle 08:00 del mattino, adorando Dio e incontrandolo, intercedendo per vari motivi [&hellip;]\" \/>\n<meta property=\"og:url\" content=\"https:\/\/www.hop-m.org\/it\/notte-di-preghiera-25-11-2023\/\" \/>\n<meta property=\"og:site_name\" content=\"HOP Merano Casa di Preghiera\" \/>\n<meta property=\"article:published_time\" content=\"2023-11-21T16:02:13+00:00\" \/>\n<meta property=\"article:modified_time\" content=\"2023-11-21T16:10:22+00:00\" \/>\n<meta property=\"og:image\" content=\"https:\/\/www.hop-m.org\/wp-content\/uploads\/2023\/11\/Gebetsnacht-Notte-di-preghiera-4-e1700583003126.png\" \/>\n\t<meta property=\"og:image:width\" content=\"566\" \/>\n\t<meta property=\"og:image:height\" content=\"482\" \/>\n\t<meta property=\"og:image:type\" content=\"image\/png\" \/>\n<meta name=\"author\" content=\"Devid\" \/>\n<meta name=\"twitter:card\" content=\"summary_large_image\" \/>\n<meta name=\"twitter:label1\" content=\"Scritto da\" \/>\n\t<meta name=\"twitter:data1\" content=\"Devid\" \/>\n\t<meta name=\"twitter:label2\" content=\"Tempo di lettura stimato\" \/>\n\t<meta name=\"twitter:data2\" content=\"2 minuti\" \/>\n<script type=\"application\/ld+json\" class=\"yoast-schema-graph\">{\"@context\":\"https:\\\/\\\/schema.org\",\"@graph\":[{\"@type\":\"Article\",\"@id\":\"https:\\\/\\\/www.hop-m.org\\\/it\\\/notte-di-preghiera-25-11-2023\\\/#article\",\"isPartOf\":{\"@id\":\"https:\\\/\\\/www.hop-m.org\\\/it\\\/notte-di-preghiera-25-11-2023\\\/\"},\"author\":{\"name\":\"Devid\",\"@id\":\"https:\\\/\\\/www.hop-m.org\\\/it\\\/#\\\/schema\\\/person\\\/995e4a212d17e4910f5b94f5b57e8ff5\"},\"headline\":\"Notte di preghiera 25\\\/11\\\/2023\",\"datePublished\":\"2023-11-21T16:02:13+00:00\",\"dateModified\":\"2023-11-21T16:10:22+00:00\",\"mainEntityOfPage\":{\"@id\":\"https:\\\/\\\/www.hop-m.org\\\/it\\\/notte-di-preghiera-25-11-2023\\\/\"},\"wordCount\":393,\"publisher\":{\"@id\":\"https:\\\/\\\/www.hop-m.org\\\/it\\\/#organization\"},\"image\":{\"@id\":\"https:\\\/\\\/www.hop-m.org\\\/it\\\/notte-di-preghiera-25-11-2023\\\/#primaryimage\"},\"thumbnailUrl\":\"https:\\\/\\\/www.hop-m.org\\\/wp-content\\\/uploads\\\/2023\\\/11\\\/Gebetsnacht-Notte-di-preghiera-4-e1700583003126.png\",\"articleSection\":[\"Non categorizzato\"],\"inLanguage\":\"it-IT\"},{\"@type\":\"WebPage\",\"@id\":\"https:\\\/\\\/www.hop-m.org\\\/it\\\/notte-di-preghiera-25-11-2023\\\/\",\"url\":\"https:\\\/\\\/www.hop-m.org\\\/it\\\/notte-di-preghiera-25-11-2023\\\/\",\"name\":\"Notte di preghiera 25\\\/11\\\/2023 - HOP Merano Casa di Preghiera\",\"isPartOf\":{\"@id\":\"https:\\\/\\\/www.hop-m.org\\\/it\\\/#website\"},\"primaryImageOfPage\":{\"@id\":\"https:\\\/\\\/www.hop-m.org\\\/it\\\/notte-di-preghiera-25-11-2023\\\/#primaryimage\"},\"image\":{\"@id\":\"https:\\\/\\\/www.hop-m.org\\\/it\\\/notte-di-preghiera-25-11-2023\\\/#primaryimage\"},\"thumbnailUrl\":\"https:\\\/\\\/www.hop-m.org\\\/wp-content\\\/uploads\\\/2023\\\/11\\\/Gebetsnacht-Notte-di-preghiera-4-e1700583003126.png\",\"datePublished\":\"2023-11-21T16:02:13+00:00\",\"dateModified\":\"2023-11-21T16:10:22+00:00\",\"breadcrumb\":{\"@id\":\"https:\\\/\\\/www.hop-m.org\\\/it\\\/notte-di-preghiera-25-11-2023\\\/#breadcrumb\"},\"inLanguage\":\"it-IT\",\"potentialAction\":[{\"@type\":\"ReadAction\",\"target\":[\"https:\\\/\\\/www.hop-m.org\\\/it\\\/notte-di-preghiera-25-11-2023\\\/\"]}]},{\"@type\":\"ImageObject\",\"inLanguage\":\"it-IT\",\"@id\":\"https:\\\/\\\/www.hop-m.org\\\/it\\\/notte-di-preghiera-25-11-2023\\\/#primaryimage\",\"url\":\"https:\\\/\\\/www.hop-m.org\\\/wp-content\\\/uploads\\\/2023\\\/11\\\/Gebetsnacht-Notte-di-preghiera-4-e1700583003126.png\",\"contentUrl\":\"https:\\\/\\\/www.hop-m.org\\\/wp-content\\\/uploads\\\/2023\\\/11\\\/Gebetsnacht-Notte-di-preghiera-4-e1700583003126.png\",\"width\":566,\"height\":482},{\"@type\":\"BreadcrumbList\",\"@id\":\"https:\\\/\\\/www.hop-m.org\\\/it\\\/notte-di-preghiera-25-11-2023\\\/#breadcrumb\",\"itemListElement\":[{\"@type\":\"ListItem\",\"position\":1,\"name\":\"Startseite\",\"item\":\"https:\\\/\\\/www.hop-m.org\\\/it\\\/hop-merano-casa-di-preghiera\\\/\"},{\"@type\":\"ListItem\",\"position\":2,\"name\":\"Notte di preghiera 25\\\/11\\\/2023\"}]},{\"@type\":\"WebSite\",\"@id\":\"https:\\\/\\\/www.hop-m.org\\\/it\\\/#website\",\"url\":\"https:\\\/\\\/www.hop-m.org\\\/it\\\/\",\"name\":\"HOP Merano Casa di Preghiera\",\"description\":\"Casa di Preghiera Merano\",\"publisher\":{\"@id\":\"https:\\\/\\\/www.hop-m.org\\\/it\\\/#organization\"},\"potentialAction\":[{\"@type\":\"SearchAction\",\"target\":{\"@type\":\"EntryPoint\",\"urlTemplate\":\"https:\\\/\\\/www.hop-m.org\\\/it\\\/?s={search_term_string}\"},\"query-input\":{\"@type\":\"PropertyValueSpecification\",\"valueRequired\":true,\"valueName\":\"search_term_string\"}}],\"inLanguage\":\"it-IT\"},{\"@type\":\"Organization\",\"@id\":\"https:\\\/\\\/www.hop-m.org\\\/it\\\/#organization\",\"name\":\"HOP Meran Gebetshaus\",\"url\":\"https:\\\/\\\/www.hop-m.org\\\/it\\\/\",\"logo\":{\"@type\":\"ImageObject\",\"inLanguage\":\"it-IT\",\"@id\":\"https:\\\/\\\/www.hop-m.org\\\/it\\\/#\\\/schema\\\/logo\\\/image\\\/\",\"url\":\"https:\\\/\\\/www.hop-m.org\\\/wp-content\\\/uploads\\\/2019\\\/04\\\/HOP-Merano_Logo-Credits.jpg\",\"contentUrl\":\"https:\\\/\\\/www.hop-m.org\\\/wp-content\\\/uploads\\\/2019\\\/04\\\/HOP-Merano_Logo-Credits.jpg\",\"width\":1030,\"height\":687,\"caption\":\"HOP Meran Gebetshaus\"},\"image\":{\"@id\":\"https:\\\/\\\/www.hop-m.org\\\/it\\\/#\\\/schema\\\/logo\\\/image\\\/\"}},{\"@type\":\"Person\",\"@id\":\"https:\\\/\\\/www.hop-m.org\\\/it\\\/#\\\/schema\\\/person\\\/995e4a212d17e4910f5b94f5b57e8ff5\",\"name\":\"Devid\",\"sameAs\":[\"https:\\\/\\\/www.hop-m.org\"]}]}<\/script>\n<!-- \/ Yoast SEO plugin. -->","yoast_head_json":{"title":"Notte di preghiera 25\/11\/2023 - HOP Merano Casa di Preghiera","robots":{"index":"index","follow":"follow","max-snippet":"max-snippet:-1","max-image-preview":"max-image-preview:large","max-video-preview":"max-video-preview:-1"},"canonical":"https:\/\/www.hop-m.org\/it\/notte-di-preghiera-25-11-2023\/","og_locale":"it_IT","og_type":"article","og_title":"Notte di preghiera 25\/11\/2023 - HOP Merano Casa di Preghiera","og_description":"La prossima serata di preghiera avr\u00e0 luogo il 25 novembre 2023 presso la nostra casa di preghiera HOP Meran-o. Inizieremo alle ore 20:00 con una &#8220;sessione di adorazione con la parola&#8221; con il Salmo 27:4, dopodich\u00e9 pregheremo a turno e senza interruzione fino alle 08:00 del mattino, adorando Dio e incontrandolo, intercedendo per vari motivi [&hellip;]","og_url":"https:\/\/www.hop-m.org\/it\/notte-di-preghiera-25-11-2023\/","og_site_name":"HOP Merano Casa di Preghiera","article_published_time":"2023-11-21T16:02:13+00:00","article_modified_time":"2023-11-21T16:10:22+00:00","og_image":[{"width":566,"height":482,"url":"https:\/\/www.hop-m.org\/wp-content\/uploads\/2023\/11\/Gebetsnacht-Notte-di-preghiera-4-e1700583003126.png","type":"image\/png"}],"author":"Devid","twitter_card":"summary_large_image","twitter_misc":{"Scritto da":"Devid","Tempo di lettura stimato":"2 minuti"},"schema":{"@context":"https:\/\/schema.org","@graph":[{"@type":"Article","@id":"https:\/\/www.hop-m.org\/it\/notte-di-preghiera-25-11-2023\/#article","isPartOf":{"@id":"https:\/\/www.hop-m.org\/it\/notte-di-preghiera-25-11-2023\/"},"author":{"name":"Devid","@id":"https:\/\/www.hop-m.org\/it\/#\/schema\/person\/995e4a212d17e4910f5b94f5b57e8ff5"},"headline":"Notte di preghiera 25\/11\/2023","datePublished":"2023-11-21T16:02:13+00:00","dateModified":"2023-11-21T16:10:22+00:00","mainEntityOfPage":{"@id":"https:\/\/www.hop-m.org\/it\/notte-di-preghiera-25-11-2023\/"},"wordCount":393,"publisher":{"@id":"https:\/\/www.hop-m.org\/it\/#organization"},"image":{"@id":"https:\/\/www.hop-m.org\/it\/notte-di-preghiera-25-11-2023\/#primaryimage"},"thumbnailUrl":"https:\/\/www.hop-m.org\/wp-content\/uploads\/2023\/11\/Gebetsnacht-Notte-di-preghiera-4-e1700583003126.png","articleSection":["Non categorizzato"],"inLanguage":"it-IT"},{"@type":"WebPage","@id":"https:\/\/www.hop-m.org\/it\/notte-di-preghiera-25-11-2023\/","url":"https:\/\/www.hop-m.org\/it\/notte-di-preghiera-25-11-2023\/","name":"Notte di preghiera 25\/11\/2023 - HOP Merano Casa di Preghiera","isPartOf":{"@id":"https:\/\/www.hop-m.org\/it\/#website"},"primaryImageOfPage":{"@id":"https:\/\/www.hop-m.org\/it\/notte-di-preghiera-25-11-2023\/#primaryimage"},"image":{"@id":"https:\/\/www.hop-m.org\/it\/notte-di-preghiera-25-11-2023\/#primaryimage"},"thumbnailUrl":"https:\/\/www.hop-m.org\/wp-content\/uploads\/2023\/11\/Gebetsnacht-Notte-di-preghiera-4-e1700583003126.png","datePublished":"2023-11-21T16:02:13+00:00","dateModified":"2023-11-21T16:10:22+00:00","breadcrumb":{"@id":"https:\/\/www.hop-m.org\/it\/notte-di-preghiera-25-11-2023\/#breadcrumb"},"inLanguage":"it-IT","potentialAction":[{"@type":"ReadAction","target":["https:\/\/www.hop-m.org\/it\/notte-di-preghiera-25-11-2023\/"]}]},{"@type":"ImageObject","inLanguage":"it-IT","@id":"https:\/\/www.hop-m.org\/it\/notte-di-preghiera-25-11-2023\/#primaryimage","url":"https:\/\/www.hop-m.org\/wp-content\/uploads\/2023\/11\/Gebetsnacht-Notte-di-preghiera-4-e1700583003126.png","contentUrl":"https:\/\/www.hop-m.org\/wp-content\/uploads\/2023\/11\/Gebetsnacht-Notte-di-preghiera-4-e1700583003126.png","width":566,"height":482},{"@type":"BreadcrumbList","@id":"https:\/\/www.hop-m.org\/it\/notte-di-preghiera-25-11-2023\/#breadcrumb","itemListElement":[{"@type":"ListItem","position":1,"name":"Startseite","item":"https:\/\/www.hop-m.org\/it\/hop-merano-casa-di-preghiera\/"},{"@type":"ListItem","position":2,"name":"Notte di preghiera 25\/11\/2023"}]},{"@type":"WebSite","@id":"https:\/\/www.hop-m.org\/it\/#website","url":"https:\/\/www.hop-m.org\/it\/","name":"HOP Merano Casa di Preghiera","description":"Casa di Preghiera Merano","publisher":{"@id":"https:\/\/www.hop-m.org\/it\/#organization"},"potentialAction":[{"@type":"SearchAction","target":{"@type":"EntryPoint","urlTemplate":"https:\/\/www.hop-m.org\/it\/?s={search_term_string}"},"query-input":{"@type":"PropertyValueSpecification","valueRequired":true,"valueName":"search_term_string"}}],"inLanguage":"it-IT"},{"@type":"Organization","@id":"https:\/\/www.hop-m.org\/it\/#organization","name":"HOP Meran Gebetshaus","url":"https:\/\/www.hop-m.org\/it\/","logo":{"@type":"ImageObject","inLanguage":"it-IT","@id":"https:\/\/www.hop-m.org\/it\/#\/schema\/logo\/image\/","url":"https:\/\/www.hop-m.org\/wp-content\/uploads\/2019\/04\/HOP-Merano_Logo-Credits.jpg","contentUrl":"https:\/\/www.hop-m.org\/wp-content\/uploads\/2019\/04\/HOP-Merano_Logo-Credits.jpg","width":1030,"height":687,"caption":"HOP Meran Gebetshaus"},"image":{"@id":"https:\/\/www.hop-m.org\/it\/#\/schema\/logo\/image\/"}},{"@type":"Person","@id":"https:\/\/www.hop-m.org\/it\/#\/schema\/person\/995e4a212d17e4910f5b94f5b57e8ff5","name":"Devid","sameAs":["https:\/\/www.hop-m.org"]}]}},"_links":{"self":[{"href":"https:\/\/www.hop-m.org\/it\/wp-json\/wp\/v2\/posts\/2334","targetHints":{"allow":["GET"]}}],"collection":[{"href":"https:\/\/www.hop-m.org\/it\/wp-json\/wp\/v2\/posts"}],"about":[{"href":"https:\/\/www.hop-m.org\/it\/wp-json\/wp\/v2\/types\/post"}],"author":[{"embeddable":true,"href":"https:\/\/www.hop-m.org\/it\/wp-json\/wp\/v2\/users\/2"}],"replies":[{"embeddable":true,"href":"https:\/\/www.hop-m.org\/it\/wp-json\/wp\/v2\/comments?post=2334"}],"version-history":[{"count":0,"href":"https:\/\/www.hop-m.org\/it\/wp-json\/wp\/v2\/posts\/2334\/revisions"}],"wp:featuredmedia":[{"embeddable":true,"href":"https:\/\/www.hop-m.org\/it\/wp-json\/wp\/v2\/media\/2329"}],"wp:attachment":[{"href":"https:\/\/www.hop-m.org\/it\/wp-json\/wp\/v2\/media?parent=2334"}],"wp:term":[{"taxonomy":"category","embeddable":true,"href":"https:\/\/www.hop-m.org\/it\/wp-json\/wp\/v2\/categories?post=2334"},{"taxonomy":"post_tag","embeddable":true,"href":"https:\/\/www.hop-m.org\/it\/wp-json\/wp\/v2\/tags?post=2334"}],"curies":[{"name":"wp","href":"https:\/\/api.w.org\/{rel}","templated":true}]}}