{"id":1100,"date":"2020-12-01T16:27:38","date_gmt":"2020-12-01T16:27:38","guid":{"rendered":"https:\/\/www.hop-m.org\/?p=1100"},"modified":"2020-12-01T16:33:54","modified_gmt":"2020-12-01T16:33:54","slug":"novita","status":"publish","type":"post","link":"https:\/\/www.hop-m.org\/it\/novita\/","title":{"rendered":"Novit\u00e0"},"content":{"rendered":"<p><strong>Vision Night 3.0<\/strong><\/p>\n<p>Come hai gi\u00e0 visto attraverso la precedente E-Mail, il 24 ottobre abbiamo avuto la nostra terza Vision night. Nonostante ci trovavamo nel mezzo di un cantiere, abbiamo sentito nel cuore di fare questa serata comunque nella casa di preghiera. Questo ha permesso di condividere con gli ospiti il luogo, dove abbiamo potuto pregare quattro volte la settimana dalla riapertura del lockdown a giugno. Dopo un forte momento nell\u2019adorazione con una preghiera secondo il modello arpa e calice (preghiera cantata), abbiamo condiviso la visione, il progetto e i prossimi passi. Uno dei scopi principali di questo evento \u00e8 stato di motivare nuove persone a collaborare o a diventare nostri partner. I lavori sono tanti, le misure di sicurezza covid diventano sempre pi\u00f9 rigide, ma la preghiera in questo luogo non deve mai smettere. Vogliamo aumentare le ore di preghiera settimanali attraverso nuovi collaboratori, affinch\u00e9 il fuoco sull\u2019altare continui a bruciare. La famiglia HOP cresce! Pi\u00f9 che mai in questi tempi servono sentinelle sulle mura (secondo Isaia 62,6) che intercedono per i motivi di Dio e adoratori che adorino in spirito e verit\u00e0 (secondo Giovanni 4,3). Sabato scorso abbiamo avuto un primo incontro online \u201ezoom\u201c con cinque potenziali collaboratori, dove abbiamo condiviso la visione, spiegato il modello di preghiera arpa e calice e parlato dei successivi passi. Alleluia \u2013 Dio \u00e8 buono<\/p>\n<p><img loading=\"lazy\" decoding=\"async\" src=\"https:\/\/mcusercontent.com\/165667d92aefb558d8b9c1578\/images\/6ec2207a-1d84-488e-8c2d-6069415710b6.jpeg\" width=\"400\" height=\"400\" data-file-id=\"1654804\" \/><\/p>\n<p><strong>Notte di preghiera<\/strong><\/p>\n<p>Dopo la vision night abbiamo avuto la nostra prima notte di preghiera. Alternandoci in quattro teams ogni due ore dalle 22:00 fino le 05:00, abbiamo pregato 8 ore non stop (in coincidenza con l\u2019ora solare). Durante questo tempo \u00e8 stato possibile assistere alle sessioni per intercedere, adorare nella presenza di Dio o semplicemente per leggere e avere un tempo personale studiando la parola. Alcuni sono stati presenti quasi tutta la notte. L\u2019atmosfera \u00e8 stata bellissima e la presenza di Dio indiscutibile.<br \/>\nNella prima e nell\u2019ultima sessione si \u00e8 meditato la parola di Dio cantando (worship with the word), e nelle altre due sessioni intercessione. Sicuramente questa non sar\u00e0 stata l\u2019unica notte di preghiera. In futuro vorremo farla con continuit\u00e0.<\/p>\n<p><strong>Come stiamo andando avanti<\/strong><\/p>\n<p>Da luned\u00ec 09 novembre l\u2019Alto Adige \u00e8 stato dichiarato zona rossa e da sabato 14 novembre ci sar\u00e0 un secondo lockdown, anche se meno rigido rispetto al precedente. Per questo motivo siamo stati costretti a sospendere gli incontri nella casa di preghiera, ma continuando le sessioni nei propri team attraverso zoom. Garantendo che la preghiera, l\u2019intercessione e l\u2019adorazione in unit\u00e0 possano continuare. Fino a che non ci sar\u00e0 permesso rincontrarci nella casa di preghiera.<\/p>\n<p><strong>Progetto sala di preghiera<\/strong><\/p>\n<p>In questo periodo si \u00e8 andato avanti sul cantiere, anche se lentamente. Comunque siamo grati per tutto ci\u00f2 che \u00e8 stato fatto e che si sta facendo. I nostri tempi non sono i tempi del Signore. Siamo fiduciosi che ora in inverno si andr\u00e0 velocemente avanti.<\/p>\n<p><em>Ovviamente le spese fisse continuano come ad esempio corrente, acqua, gas e il fitto. Anche i costi dei lavori sono alti. Il materiale edile e le prossime fatture fanno anche parte delle nostre spese.<br \/>\nSe tu vuoi sostenerci in questo progetto, fai un bonifico (oggetto Donazione progetto casa di preghiera) sul nostro conto bancario oppure clicca sul link per poter donare via PayPal:<\/em><\/p>\n<p><strong>HOP Merano \u2013 House of Prayer \u2013 Gebetshaus<\/strong><br \/>\nIBAN: IT25D0811258590000301275119<br \/>\nSWIFT\/BIC: RZSBIT21201<\/p>\n<p><a href=\"https:\/\/www.paypal.com\/donate\/?token=PyLnZ4d4ArQ8__1KP2QPqMR4jqZC2dhZqLx3pwQ7w8ktVV6TbY5Etb-sqxirxqhnSPvawgEMaUEFZc0T&amp;Z3JncnB0=\" target=\"_blank\" rel=\"noopener noreferrer\">https:\/\/www.paypal.com\/donate?token=RHzl9BBGOzn8-uyqKxxuRJ3bRnxUw2yJKLfUWZAcYx3-IEic5x96hfObDk1VOCvISRaiv-8ZlxlRty_e<\/a><\/p>\n<p>GRAZIE<\/p>\n<p>Con affetto<br \/>\nil team leader HOP Meran-o<\/p>\n","protected":false},"excerpt":{"rendered":"<p>Vision Night 3.0 Come hai gi\u00e0 visto attraverso la precedente E-Mail, il 24 ottobre abbiamo avuto la nostra terza Vision night. Nonostante ci trovavamo nel mezzo di un cantiere, abbiamo sentito nel cuore di fare questa serata comunque nella casa di preghiera. Questo ha permesso di condividere con gli ospiti il luogo, dove abbiamo potuto [&hellip;]<\/p>\n","protected":false},"author":2,"featured_media":278,"comment_status":"closed","ping_status":"closed","sticky":false,"template":"","format":"standard","meta":{"footnotes":""},"categories":[2],"tags":[],"class_list":["post-1100","post","type-post","status-publish","format-standard","has-post-thumbnail","hentry","category-non-categorizzato"],"yoast_head":"<!-- This site is optimized with the Yoast SEO plugin v28.4 - https:\/\/yoast.com\/product\/yoast-seo-wordpress\/ -->\n<title>Novit\u00e0 - HOP Merano Casa di Preghiera<\/title>\n<meta name=\"robots\" content=\"index, follow, max-snippet:-1, max-image-preview:large, max-video-preview:-1\" \/>\n<link rel=\"canonical\" href=\"https:\/\/www.hop-m.org\/it\/novita\/\" \/>\n<meta property=\"og:locale\" content=\"it_IT\" \/>\n<meta property=\"og:type\" content=\"article\" \/>\n<meta property=\"og:title\" content=\"Novit\u00e0 - HOP Merano Casa di Preghiera\" \/>\n<meta property=\"og:description\" content=\"Vision Night 3.0 Come hai gi\u00e0 visto attraverso la precedente E-Mail, il 24 ottobre abbiamo avuto la nostra terza Vision night. Nonostante ci trovavamo nel mezzo di un cantiere, abbiamo sentito nel cuore di fare questa serata comunque nella casa di preghiera. Questo ha permesso di condividere con gli ospiti il luogo, dove abbiamo potuto [&hellip;]\" \/>\n<meta property=\"og:url\" content=\"https:\/\/www.hop-m.org\/it\/novita\/\" \/>\n<meta property=\"og:site_name\" content=\"HOP Merano Casa di Preghiera\" \/>\n<meta property=\"article:published_time\" content=\"2020-12-01T16:27:38+00:00\" \/>\n<meta property=\"article:modified_time\" content=\"2020-12-01T16:33:54+00:00\" \/>\n<meta property=\"og:image\" content=\"https:\/\/www.hop-m.org\/wp-content\/uploads\/2019\/04\/HOP-Merano_trailer-fallback-image-berge.jpg\" \/>\n\t<meta property=\"og:image:width\" content=\"1700\" \/>\n\t<meta property=\"og:image:height\" content=\"1133\" \/>\n\t<meta property=\"og:image:type\" content=\"image\/jpeg\" \/>\n<meta name=\"author\" content=\"Devid\" \/>\n<meta name=\"twitter:card\" content=\"summary_large_image\" \/>\n<meta name=\"twitter:label1\" content=\"Scritto da\" \/>\n\t<meta name=\"twitter:data1\" content=\"Devid\" \/>\n\t<meta name=\"twitter:label2\" content=\"Tempo di lettura stimato\" \/>\n\t<meta name=\"twitter:data2\" content=\"3 minuti\" \/>\n<script type=\"application\/ld+json\" class=\"yoast-schema-graph\">{\"@context\":\"https:\\\/\\\/schema.org\",\"@graph\":[{\"@type\":\"Article\",\"@id\":\"https:\\\/\\\/www.hop-m.org\\\/it\\\/novita\\\/#article\",\"isPartOf\":{\"@id\":\"https:\\\/\\\/www.hop-m.org\\\/it\\\/novita\\\/\"},\"author\":{\"name\":\"Devid\",\"@id\":\"https:\\\/\\\/www.hop-m.org\\\/it\\\/#\\\/schema\\\/person\\\/995e4a212d17e4910f5b94f5b57e8ff5\"},\"headline\":\"Novit\u00e0\",\"datePublished\":\"2020-12-01T16:27:38+00:00\",\"dateModified\":\"2020-12-01T16:33:54+00:00\",\"mainEntityOfPage\":{\"@id\":\"https:\\\/\\\/www.hop-m.org\\\/it\\\/novita\\\/\"},\"wordCount\":565,\"publisher\":{\"@id\":\"https:\\\/\\\/www.hop-m.org\\\/it\\\/#organization\"},\"image\":{\"@id\":\"https:\\\/\\\/www.hop-m.org\\\/it\\\/novita\\\/#primaryimage\"},\"thumbnailUrl\":\"https:\\\/\\\/www.hop-m.org\\\/wp-content\\\/uploads\\\/2019\\\/04\\\/HOP-Merano_trailer-fallback-image-berge.jpg\",\"articleSection\":[\"Non categorizzato\"],\"inLanguage\":\"it-IT\"},{\"@type\":\"WebPage\",\"@id\":\"https:\\\/\\\/www.hop-m.org\\\/it\\\/novita\\\/\",\"url\":\"https:\\\/\\\/www.hop-m.org\\\/it\\\/novita\\\/\",\"name\":\"Novit\u00e0 - HOP Merano Casa di Preghiera\",\"isPartOf\":{\"@id\":\"https:\\\/\\\/www.hop-m.org\\\/it\\\/#website\"},\"primaryImageOfPage\":{\"@id\":\"https:\\\/\\\/www.hop-m.org\\\/it\\\/novita\\\/#primaryimage\"},\"image\":{\"@id\":\"https:\\\/\\\/www.hop-m.org\\\/it\\\/novita\\\/#primaryimage\"},\"thumbnailUrl\":\"https:\\\/\\\/www.hop-m.org\\\/wp-content\\\/uploads\\\/2019\\\/04\\\/HOP-Merano_trailer-fallback-image-berge.jpg\",\"datePublished\":\"2020-12-01T16:27:38+00:00\",\"dateModified\":\"2020-12-01T16:33:54+00:00\",\"breadcrumb\":{\"@id\":\"https:\\\/\\\/www.hop-m.org\\\/it\\\/novita\\\/#breadcrumb\"},\"inLanguage\":\"it-IT\",\"potentialAction\":[{\"@type\":\"ReadAction\",\"target\":[\"https:\\\/\\\/www.hop-m.org\\\/it\\\/novita\\\/\"]}]},{\"@type\":\"ImageObject\",\"inLanguage\":\"it-IT\",\"@id\":\"https:\\\/\\\/www.hop-m.org\\\/it\\\/novita\\\/#primaryimage\",\"url\":\"https:\\\/\\\/www.hop-m.org\\\/wp-content\\\/uploads\\\/2019\\\/04\\\/HOP-Merano_trailer-fallback-image-berge.jpg\",\"contentUrl\":\"https:\\\/\\\/www.hop-m.org\\\/wp-content\\\/uploads\\\/2019\\\/04\\\/HOP-Merano_trailer-fallback-image-berge.jpg\",\"width\":1700,\"height\":1133},{\"@type\":\"BreadcrumbList\",\"@id\":\"https:\\\/\\\/www.hop-m.org\\\/it\\\/novita\\\/#breadcrumb\",\"itemListElement\":[{\"@type\":\"ListItem\",\"position\":1,\"name\":\"Startseite\",\"item\":\"https:\\\/\\\/www.hop-m.org\\\/it\\\/hop-merano-casa-di-preghiera\\\/\"},{\"@type\":\"ListItem\",\"position\":2,\"name\":\"Novit\u00e0\"}]},{\"@type\":\"WebSite\",\"@id\":\"https:\\\/\\\/www.hop-m.org\\\/it\\\/#website\",\"url\":\"https:\\\/\\\/www.hop-m.org\\\/it\\\/\",\"name\":\"HOP Merano Casa di Preghiera\",\"description\":\"Casa di Preghiera Merano\",\"publisher\":{\"@id\":\"https:\\\/\\\/www.hop-m.org\\\/it\\\/#organization\"},\"potentialAction\":[{\"@type\":\"SearchAction\",\"target\":{\"@type\":\"EntryPoint\",\"urlTemplate\":\"https:\\\/\\\/www.hop-m.org\\\/it\\\/?s={search_term_string}\"},\"query-input\":{\"@type\":\"PropertyValueSpecification\",\"valueRequired\":true,\"valueName\":\"search_term_string\"}}],\"inLanguage\":\"it-IT\"},{\"@type\":\"Organization\",\"@id\":\"https:\\\/\\\/www.hop-m.org\\\/it\\\/#organization\",\"name\":\"HOP Meran Gebetshaus\",\"url\":\"https:\\\/\\\/www.hop-m.org\\\/it\\\/\",\"logo\":{\"@type\":\"ImageObject\",\"inLanguage\":\"it-IT\",\"@id\":\"https:\\\/\\\/www.hop-m.org\\\/it\\\/#\\\/schema\\\/logo\\\/image\\\/\",\"url\":\"https:\\\/\\\/www.hop-m.org\\\/wp-content\\\/uploads\\\/2019\\\/04\\\/HOP-Merano_Logo-Credits.jpg\",\"contentUrl\":\"https:\\\/\\\/www.hop-m.org\\\/wp-content\\\/uploads\\\/2019\\\/04\\\/HOP-Merano_Logo-Credits.jpg\",\"width\":1030,\"height\":687,\"caption\":\"HOP Meran Gebetshaus\"},\"image\":{\"@id\":\"https:\\\/\\\/www.hop-m.org\\\/it\\\/#\\\/schema\\\/logo\\\/image\\\/\"}},{\"@type\":\"Person\",\"@id\":\"https:\\\/\\\/www.hop-m.org\\\/it\\\/#\\\/schema\\\/person\\\/995e4a212d17e4910f5b94f5b57e8ff5\",\"name\":\"Devid\",\"sameAs\":[\"https:\\\/\\\/www.hop-m.org\"]}]}<\/script>\n<!-- \/ Yoast SEO plugin. -->","yoast_head_json":{"title":"Novit\u00e0 - HOP Merano Casa di Preghiera","robots":{"index":"index","follow":"follow","max-snippet":"max-snippet:-1","max-image-preview":"max-image-preview:large","max-video-preview":"max-video-preview:-1"},"canonical":"https:\/\/www.hop-m.org\/it\/novita\/","og_locale":"it_IT","og_type":"article","og_title":"Novit\u00e0 - HOP Merano Casa di Preghiera","og_description":"Vision Night 3.0 Come hai gi\u00e0 visto attraverso la precedente E-Mail, il 24 ottobre abbiamo avuto la nostra terza Vision night. Nonostante ci trovavamo nel mezzo di un cantiere, abbiamo sentito nel cuore di fare questa serata comunque nella casa di preghiera. Questo ha permesso di condividere con gli ospiti il luogo, dove abbiamo potuto [&hellip;]","og_url":"https:\/\/www.hop-m.org\/it\/novita\/","og_site_name":"HOP Merano Casa di Preghiera","article_published_time":"2020-12-01T16:27:38+00:00","article_modified_time":"2020-12-01T16:33:54+00:00","og_image":[{"width":1700,"height":1133,"url":"https:\/\/www.hop-m.org\/wp-content\/uploads\/2019\/04\/HOP-Merano_trailer-fallback-image-berge.jpg","type":"image\/jpeg"}],"author":"Devid","twitter_card":"summary_large_image","twitter_misc":{"Scritto da":"Devid","Tempo di lettura stimato":"3 minuti"},"schema":{"@context":"https:\/\/schema.org","@graph":[{"@type":"Article","@id":"https:\/\/www.hop-m.org\/it\/novita\/#article","isPartOf":{"@id":"https:\/\/www.hop-m.org\/it\/novita\/"},"author":{"name":"Devid","@id":"https:\/\/www.hop-m.org\/it\/#\/schema\/person\/995e4a212d17e4910f5b94f5b57e8ff5"},"headline":"Novit\u00e0","datePublished":"2020-12-01T16:27:38+00:00","dateModified":"2020-12-01T16:33:54+00:00","mainEntityOfPage":{"@id":"https:\/\/www.hop-m.org\/it\/novita\/"},"wordCount":565,"publisher":{"@id":"https:\/\/www.hop-m.org\/it\/#organization"},"image":{"@id":"https:\/\/www.hop-m.org\/it\/novita\/#primaryimage"},"thumbnailUrl":"https:\/\/www.hop-m.org\/wp-content\/uploads\/2019\/04\/HOP-Merano_trailer-fallback-image-berge.jpg","articleSection":["Non categorizzato"],"inLanguage":"it-IT"},{"@type":"WebPage","@id":"https:\/\/www.hop-m.org\/it\/novita\/","url":"https:\/\/www.hop-m.org\/it\/novita\/","name":"Novit\u00e0 - HOP Merano Casa di Preghiera","isPartOf":{"@id":"https:\/\/www.hop-m.org\/it\/#website"},"primaryImageOfPage":{"@id":"https:\/\/www.hop-m.org\/it\/novita\/#primaryimage"},"image":{"@id":"https:\/\/www.hop-m.org\/it\/novita\/#primaryimage"},"thumbnailUrl":"https:\/\/www.hop-m.org\/wp-content\/uploads\/2019\/04\/HOP-Merano_trailer-fallback-image-berge.jpg","datePublished":"2020-12-01T16:27:38+00:00","dateModified":"2020-12-01T16:33:54+00:00","breadcrumb":{"@id":"https:\/\/www.hop-m.org\/it\/novita\/#breadcrumb"},"inLanguage":"it-IT","potentialAction":[{"@type":"ReadAction","target":["https:\/\/www.hop-m.org\/it\/novita\/"]}]},{"@type":"ImageObject","inLanguage":"it-IT","@id":"https:\/\/www.hop-m.org\/it\/novita\/#primaryimage","url":"https:\/\/www.hop-m.org\/wp-content\/uploads\/2019\/04\/HOP-Merano_trailer-fallback-image-berge.jpg","contentUrl":"https:\/\/www.hop-m.org\/wp-content\/uploads\/2019\/04\/HOP-Merano_trailer-fallback-image-berge.jpg","width":1700,"height":1133},{"@type":"BreadcrumbList","@id":"https:\/\/www.hop-m.org\/it\/novita\/#breadcrumb","itemListElement":[{"@type":"ListItem","position":1,"name":"Startseite","item":"https:\/\/www.hop-m.org\/it\/hop-merano-casa-di-preghiera\/"},{"@type":"ListItem","position":2,"name":"Novit\u00e0"}]},{"@type":"WebSite","@id":"https:\/\/www.hop-m.org\/it\/#website","url":"https:\/\/www.hop-m.org\/it\/","name":"HOP Merano Casa di Preghiera","description":"Casa di Preghiera Merano","publisher":{"@id":"https:\/\/www.hop-m.org\/it\/#organization"},"potentialAction":[{"@type":"SearchAction","target":{"@type":"EntryPoint","urlTemplate":"https:\/\/www.hop-m.org\/it\/?s={search_term_string}"},"query-input":{"@type":"PropertyValueSpecification","valueRequired":true,"valueName":"search_term_string"}}],"inLanguage":"it-IT"},{"@type":"Organization","@id":"https:\/\/www.hop-m.org\/it\/#organization","name":"HOP Meran Gebetshaus","url":"https:\/\/www.hop-m.org\/it\/","logo":{"@type":"ImageObject","inLanguage":"it-IT","@id":"https:\/\/www.hop-m.org\/it\/#\/schema\/logo\/image\/","url":"https:\/\/www.hop-m.org\/wp-content\/uploads\/2019\/04\/HOP-Merano_Logo-Credits.jpg","contentUrl":"https:\/\/www.hop-m.org\/wp-content\/uploads\/2019\/04\/HOP-Merano_Logo-Credits.jpg","width":1030,"height":687,"caption":"HOP Meran Gebetshaus"},"image":{"@id":"https:\/\/www.hop-m.org\/it\/#\/schema\/logo\/image\/"}},{"@type":"Person","@id":"https:\/\/www.hop-m.org\/it\/#\/schema\/person\/995e4a212d17e4910f5b94f5b57e8ff5","name":"Devid","sameAs":["https:\/\/www.hop-m.org"]}]}},"_links":{"self":[{"href":"https:\/\/www.hop-m.org\/it\/wp-json\/wp\/v2\/posts\/1100","targetHints":{"allow":["GET"]}}],"collection":[{"href":"https:\/\/www.hop-m.org\/it\/wp-json\/wp\/v2\/posts"}],"about":[{"href":"https:\/\/www.hop-m.org\/it\/wp-json\/wp\/v2\/types\/post"}],"author":[{"embeddable":true,"href":"https:\/\/www.hop-m.org\/it\/wp-json\/wp\/v2\/users\/2"}],"replies":[{"embeddable":true,"href":"https:\/\/www.hop-m.org\/it\/wp-json\/wp\/v2\/comments?post=1100"}],"version-history":[{"count":0,"href":"https:\/\/www.hop-m.org\/it\/wp-json\/wp\/v2\/posts\/1100\/revisions"}],"wp:featuredmedia":[{"embeddable":true,"href":"https:\/\/www.hop-m.org\/it\/wp-json\/wp\/v2\/media\/278"}],"wp:attachment":[{"href":"https:\/\/www.hop-m.org\/it\/wp-json\/wp\/v2\/media?parent=1100"}],"wp:term":[{"taxonomy":"category","embeddable":true,"href":"https:\/\/www.hop-m.org\/it\/wp-json\/wp\/v2\/categories?post=1100"},{"taxonomy":"post_tag","embeddable":true,"href":"https:\/\/www.hop-m.org\/it\/wp-json\/wp\/v2\/tags?post=1100"}],"curies":[{"name":"wp","href":"https:\/\/api.w.org\/{rel}","templated":true}]}}